{"id":15750,"date":"2023-05-26T08:18:53","date_gmt":"2023-05-26T06:18:53","guid":{"rendered":"https:\/\/altax.al\/?p=15750"},"modified":"2023-05-26T08:20:52","modified_gmt":"2023-05-26T06:20:52","slug":"ekonomia-e-rajoneve-shqiptare-larg-perspektives-se-zhvillimit-te-qendrueshem","status":"publish","type":"post","link":"https:\/\/altax.al\/en\/ekonomia-e-rajoneve-shqiptare-larg-perspektives-se-zhvillimit-te-qendrueshem\/","title":{"rendered":"Ekonomia e rajoneve shqiptare larg perspektiv\u00ebs s\u00eb zhvillimit t\u00eb q\u00ebndruesh\u00ebm"},"content":{"rendered":"<p>Ekonomia e rajoneve \u00ebsht\u00eb e mbizot\u00ebruar nga bujq\u00ebsia, ku nivelin m\u00eb t\u00eb lart\u00eb e gjejm\u00eb n\u00eb Fier me 45.5% t\u00eb ekonomis\u00eb rajonale dhe nivelin m\u00eb t\u00eb ul\u00ebt e gjejm\u00eb n\u00eb Tiran\u00eb me 3.8% t\u00eb ekonomis\u00eb rajonale.<\/p>\n<p>Rajoni verior i vendit<a href=\"#_ftn1\" name=\"_ftnref1\">[1]<\/a> dominohet nga industria nxjerr\u00ebse dhe energjia, bujq\u00ebsia dhe tregu i pasurive t\u00eb paluajtshme duke prodhuar 22.3% t\u00eb ekonomis\u00eb komb\u00ebtare.<\/p>\n<p>Rajoni qendror<a href=\"#_ftn2\" name=\"_ftnref2\">[2]<\/a> dominohet nga Nd\u00ebrtimi, informacioni dhe teknologjia, pasurit\u00eb e paluajtshme, dhe shumic\u00ebn e sektor\u00ebve t\u00eb tjer\u00eb t\u00eb ekonomis\u00eb, t\u00eb cil\u00ebn e gjejm\u00eb n\u00eb Tiran\u00eb duke prodhuar 50.5% t\u00eb ekonomis\u00eb komb\u00ebtare<\/p>\n<p>Rajoni jugor<a href=\"#_ftn3\" name=\"_ftnref3\">[3]<\/a> dominohet nga bujq\u00ebsia, pasurit\u00eb e paluajtshme dhe tregtia me pakic\u00eb dhe sh\u00ebrbimet turistike duke prodhuar 27.2% t\u00eb ekonomis\u00eb komb\u00ebtare<\/p>\n<p>Ekonomia komb\u00ebtare \u00ebsht\u00eb e dominuar nga rajoni qendror, por kryesisht Tirana, p\u00ebr t\u00eb gjith\u00eb sektor\u00ebt e ekonomis\u00eb, p\u00ebrve\u00e7 bujq\u00ebsis\u00eb.<\/p>\n<p>Shum\u00eb nga programet dhe strategjit\u00eb e zhvillimit t\u00eb rajoneve ende nuk u p\u00ebrgjigjen tre k\u00ebrkesave bazike t\u00eb tregut:<\/p>\n<ul>\n<li>\u00c7far\u00eb t\u00eb prodhojn\u00eb<\/li>\n<li>Si t\u00eb prodhojn\u00eb dhe<\/li>\n<li>P\u00ebr k\u00eb t\u00eb prodhojn\u00eb.<\/li>\n<\/ul>\n<p>T<em>\u00eb ardhurat p\u00ebr frym\u00eb<\/em> m\u00eb t\u00eb ulta paraqiten n\u00eb Kuk\u00ebs, pasuar nga Lezha, Shkodra, Elbasani dhe Dibra, Kor\u00e7a. Nd\u00ebrsa, n\u00eb grupin e rajoneve me ardhura t<em>\u00eb nivelit t\u00eb mes\u00ebm<\/em> p\u00ebrve\u00e7 Durr\u00ebs, Fier dhe Gjirokast\u00ebr p\u00ebrfshihen edhe Berati, si dhe Vlora. T\u00eb ardhura <em>t\u00eb nivelit t\u00eb lart\u00eb<\/em> paraqiten p\u00ebrs\u00ebri vet\u00ebm n\u00eb Tiran\u00eb.<\/p>\n<p>Pesha n\u00eb PBB n\u00eb nivelin m\u00eb t\u00eb ul\u00ebt e shikojm\u00eb n\u00eb Kuk\u00ebs me 1.56 t\u00eb PBB-s\u00eb komb\u00ebtare. N\u00eb nivele t\u00eb ulta pjes\u00ebmarrje n\u00eb PBB-n\u00eb komb\u00ebtare jan\u00eb edhe Dibra, Lezha, Berati. N\u00eb nivele m\u00eb t\u00eb moderuara, pak m\u00eb lart jan\u00eb pesha e Shkodr\u00ebs, Kor\u00e7\u00ebs, Vlor\u00ebs dhe Elbasanit. N\u00eb nivel m\u00eb t\u00eb lart\u00eb pesha e PBB-s\u00eb rajonale shihet n\u00eb Durr\u00ebs, Fier dhe Tiran\u00eb q\u00eb mban nj\u00eb pesh\u00eb sa 43.72% e PBB-s\u00eb komb\u00ebtare.<\/p>\n<p>N\u00ebse shikojm\u00eb n\u00ebp\u00ebrmjet treguesve t\u00eb pesh\u00ebs s\u00eb PBB-s\u00eb rajonale sipas logjik\u00ebs s\u00eb kontributit t\u00eb sektor\u00ebve, shihet se pesha e sektorit bujq\u00ebsor (p\u00ebrfshir\u00eb edhe blegtori, ekonomia pyjore, ekonomia ujore) \u00ebsht\u00eb m\u00eb e madhe n\u00eb Fier (sa 23.9% e pesh\u00ebs s\u00eb ekonomis\u00eb s\u00eb sektorit bujq\u00ebsor t\u00eb vendit) dhe m\u00eb e ul\u00ebta n\u00eb Kuk\u00ebs (sa 2.6% e pesh\u00ebs s\u00eb ekonomis\u00eb s\u00eb sektorit bujq\u00ebsor t\u00eb vendit) dhe Gjirokast\u00ebr (sa 3% e pesh\u00ebs s\u00eb ekonomis\u00eb s\u00eb sektorit bujq\u00ebsor t\u00eb vendit).<\/p>\n<p>Pesha ekonomike tregon se popullsia rurale ka dominanc\u00eb n\u00eb rajonin e Fierit dhe ato rajone ku prodhimi i sektorit bujq\u00ebsor \u00ebsht\u00eb m\u00eb i madh se rajonet e tjera.<\/p>\n<p>Aktivitetet e tjera dominohen nga rajoni i Tiran\u00ebs dhe Durr\u00ebsit, ku rajonet e tjera s\u00eb bashku p\u00ebrb\u00ebjn\u00eb 30 \u2013 50% t\u00eb gjith\u00eb pesh\u00ebs s\u00eb secilit sektor.<\/p>\n<p>Pesha e sektor\u00ebve n\u00eb ekonomin\u00eb komb\u00ebtare ka r\u00ebn\u00eb kur krahasojm\u00eb treguesin e PBB-s\u00eb rajonale, sipas sektor\u00ebve n\u00eb vitin 2021 me vitin 2019. Pesha e sektorit t\u00eb bujq\u00ebsis\u00eb s\u00eb 7 rajoneve me pesh\u00eb relative n\u00eb prodhimin bujq\u00ebsor \u00ebsht\u00eb n\u00eb r\u00ebnie n\u00eb 2021. Por edhe pesha e tregtis\u00eb me pakic\u00eb, hoteleris\u00eb dhe sh\u00ebrbimeve t\u00eb bar-restoranteve tregon r\u00ebnie t\u00eb pesh\u00ebs s\u00eb tyre n\u00eb shumic\u00ebn e rajoneve, por me nj\u00eb rritje t\u00eb pesh\u00ebs n\u00eb Tiran\u00eb dhe m\u00eb pak n\u00eb zonat bregdetare.<\/p>\n<p>R\u00ebnie t\u00eb pesh\u00ebs ka edhe shitblerja e pasurive t\u00eb paluajtshme n\u00eb shumic\u00ebn e rajoneve, por me rritje n\u00eb Tiran\u00eb dhe rajonet e pasura bregdetare.<\/p>\n<p>E gjith\u00eb panorama e ulje-ngritjeve t\u00eb pesh\u00ebs s\u00eb sektor\u00ebve t\u00eb rajoneve t\u00eb vendit n\u00eb PBB-n\u00eb komb\u00ebtare \u00ebsht\u00eb treguesi i niveleve t\u00eb ul\u00ebta t\u00eb pjes\u00ebmarrjes n\u00eb tregun formal t\u00eb pun\u00ebs n\u00eb shumic\u00ebn e rajoneve, lidhjet e kufizuara me tregjet e jashtme, mungesa e aksesit n\u00eb kapital p\u00ebr nxit\u00ebsit kryesor\u00eb t\u00eb rritjes dhe problemet e vazhdueshme me mobilizimin e dob\u00ebt t\u00eb burimeve, koordinimin dhe aft\u00ebsimin e tyre p\u00ebr k\u00ebrkesat e ekonomis\u00eb dhe presioni konstant i varf\u00ebris\u00eb intensive.<\/p>\n<p>Nga diferenca n\u00eb dy vitet 2021 dhe 2019, t\u00eb treguesve shihet se t\u00eb ardhurat p\u00ebr frym\u00eb jan\u00eb rritur m\u00eb shum\u00eb n\u00eb Fier, Tiran\u00eb, Vlor\u00eb, Gjirokast\u00ebr. Elbasan dhe Berat. M\u00eb pak jan\u00eb rritur n\u00eb Lezh\u00eb, Kuk\u00ebs, Shkod\u00ebr, Dib\u00ebr dhe Durr\u00ebs.<\/p>\n<p>Po k\u00ebshtu edhe shpenzimet familjare mujore jan\u00eb rritur m\u00eb shum\u00eb n\u00eb Elbasan, Vlor\u00eb, Dib\u00ebr, Berat dhe Gjirokast\u00ebr. Rrite m\u00eb e moderuar e shpenzimeve familjare shihet n\u00eb Tiran\u00eb, Kor\u00e7\u00eb, Fier, Durr\u00ebs, Kuk\u00ebs dhe Lezh\u00eb. Shihet se pjes\u00ebn kryesore t\u00eb shpenzimeve t\u00eb rritura e mbajn\u00eb ushqimet, transporti dhe udh\u00ebtimet.<\/p>\n<p>N\u00eb raportin midis pesh\u00eb s\u00eb popullsis\u00eb rajonale dhe pesh\u00eb s\u00eb PBB-s\u00eb rajonale n\u00eb nivel komb\u00ebtar, Tirana performon 11% m\u00eb shum\u00eb se pesha e popullsis\u00eb s\u00eb saj, ashtu si edhe Fieri q\u00eb performon 0.9 % m\u00eb shum\u00eb dhe Gjirokastra me 0.1% performanc\u00eb m\u00eb t\u00eb lart\u00eb se pesha e popullsis\u00eb.<\/p>\n<p>Gjith\u00eb rajonet e tjera performojn\u00eb m\u00eb posht\u00eb se pesha e popullsis\u00eb rezidenciale t\u00eb tyre, ku Elbasani, Shkodra, Kor\u00e7a, Lezha, Vlora dhe Dibra kan\u00eb respektivisht PBB m\u00eb posht\u00eb se pesha e popullsis\u00eb me 2.8%, 1.9%, 1.8%, 1.2% dhe 1.1% (VL dhe DI). Durr\u00ebsi shihet se ka nj\u00eb nivel PBB, t\u00eb nj\u00ebjt\u00eb me pesh\u00ebn e popullsis\u00eb s\u00eb vet.<\/p>\n<p>Nisur nga niveli i ndrysh\u00ebm i t\u00eb ardhurave i krahasuar me ecurin\u00eb e tregut t\u00eb pasurive t\u00eb paluajtshme ne kuptojm\u00eb se bler\u00ebsit kryesor\u00eb t\u00eb tyre nuk jan\u00eb rezident\u00ebt e rajoneve, por individ\u00eb dhe biznese jasht\u00eb k\u00ebtyre zonave gjeografike.<\/p>\n<p>Kur krahasojm\u00eb nivelin e t\u00eb ardhurave t\u00eb disponueshme p\u00ebr shpenzime jasht\u00eb natyr\u00ebs s\u00eb atyre t\u00eb p\u00ebrditshme, me pesh\u00ebn q\u00eb mban sektori i shitblerjes s\u00eb pasurive t\u00eb paluajtshme n\u00eb rajonet e vendit konstatohet nj\u00eb mosp\u00ebrkim mes tyre. K\u00ebshtu, n\u00eb Elbasan ku niveli i kursimit \u00ebsht\u00eb m\u00eb i ul\u00ebti v\u00ebrehet se shitblerjet e pasurive t\u00eb paluajtshme jan\u00eb m\u00eb t\u00eb larta se n\u00eb 4 rajone t\u00eb tjera (Dib\u00ebr, Berat, Fier, dhe Kuk\u00ebs).<\/p>\n<p>Por edhe kur analizojm\u00eb kursimet familjare n\u00eb Vlor\u00eb me pesh\u00ebn e shitblerjeve t\u00eb pasurive t\u00eb paluajtshme n\u00eb PBB-n\u00eb e Vlor\u00ebs (m\u00eb e larta n\u00eb vend) ka nj\u00eb nivel jo proporcional krahasuar me Tiran\u00ebn, Durr\u00ebsin dhe gjith\u00eb rajonet e tjera.<\/p>\n<p>Nd\u00ebrkoh\u00eb, n\u00ebse shikojm\u00eb treguesin e t\u00eb ardhurave p\u00ebr frym\u00eb i krahasuar me nivelin e pjes\u00ebmarrjes s\u00eb bizneseve vendore kuptojm\u00eb se n\u00ebse popullsia e nj\u00eb rajoni ka t\u00eb ardhura t\u00eb larta p\u00ebr frym\u00eb, vet\u00eb bizneset jan\u00eb t\u00eb interesuara duke planifikuar shanse m\u00eb t\u00eb mira p\u00ebr t\u00eb gjeneruar t\u00eb ardhura nga shitja e mallrave t\u00eb tyre pasi njer\u00ebzit me m\u00eb shum\u00eb para mund t\u00eb shpenzojn\u00eb m\u00eb shum\u00eb.<\/p>\n<p>N\u00eb t\u00ebr\u00ebsi, shihet se aty ku ka t\u00eb ardhura p\u00ebr frym\u00eb m\u00eb t\u00eb larta nuk shihet se ka edhe num\u00ebr m\u00eb t\u00eb lart\u00eb biznesesh, megjith\u00ebse pjesa m\u00eb e madhe e tyre jan\u00eb n\u00eb sektorin e sh\u00ebrbimeve dhe tregtis\u00eb.<\/p>\n<p>N\u00eb raportin e numrit t\u00eb popullsis\u00eb rezidente me numrin e bizneseve aktive v\u00ebrehet se dend\u00ebsin\u00eb m\u00eb t\u00eb madhe e gjejm\u00eb n\u00eb Dib\u00ebr dhe Kuk\u00ebs dhe m\u00eb t\u00eb vogl\u00ebn n\u00eb Fier, Gjirokast\u00ebr, Kor\u00e7\u00eb.<\/p>\n<p>Nj\u00eb lidhje shkak-pasoj\u00eb me k\u00ebta tregues\u00eb \u00ebsht\u00eb e shpjegueshme n\u00ebp\u00ebrmjet nivelit t\u00eb pun\u00ebsimit dhe papun\u00ebsis\u00eb n\u00ebp\u00ebr rajone.<\/p>\n<p>N\u00eb rajonet, ku shkalla e pjes\u00ebmarrjes n\u00eb forcat e pun\u00ebs<a href=\"#_ftn4\" name=\"_ftnref4\">[4]<\/a> \u00ebsht\u00eb m\u00eb e lart\u00eb ka edhe nj\u00eb num\u00ebr m\u00eb t\u00eb lart\u00eb t\u00eb numrit t\u00eb bizneseve dhe e kund\u00ebrta. Nj\u00eb shpjegim me k\u00ebt\u00eb rast vlen kur konsideron edhe t\u00eb ardhurat p\u00ebr frym\u00eb, t\u00eb cilat si rregull stimulojn\u00eb hapjen e bizneseve t\u00eb reja pasi ka shtim t\u00eb potencialeve konsumatore.<\/p>\n<p>Por, disa biznese prodhuese jan\u00eb kryesisht t\u00eb lidhura edhe me tregun e pun\u00ebs, t\u00eb cilat marrin prej andej burimet e nevojshme njer\u00ebzore.<\/p>\n<p>Mir\u00ebpo, kur shikojn\u00eb treguesit e numrit t\u00eb bizneseve<a href=\"#_ftn5\" name=\"_ftnref5\">[5]<\/a> n\u00eb 2021, n\u00eb \u00e7do rajon v\u00ebrehet nj\u00eb rritje e dend\u00ebsis\u00eb bizneseve n\u00eb raport me popullsin\u00eb rezidente edhe pse numri i bizneseve \u00ebsht\u00eb n\u00eb shumic\u00ebn e rajoneve m\u00eb i ul\u00ebt se n\u00eb 2019. Kjo dend\u00ebsi m\u00eb e madhe shpjegohet me dy arsye:<\/p>\n<ul>\n<li>Me uljen e numrit t\u00eb popullsis\u00eb<\/li>\n<li>Me rritjen e t\u00eb ardhurave p\u00ebr frym\u00eb<\/li>\n<\/ul>\n<p>Nd\u00ebrsa, ulja e numrit t\u00eb popullsis\u00eb ul em\u00ebruesin n\u00eb raport me num\u00ebruesin (numrin e bizneseve), n\u00eb rastin e rritjes s\u00eb t\u00eb ardhurave p\u00ebr frym\u00eb duhen konsideruar edhe nxitja p\u00ebr t\u00eb rritur t\u00eb ardhurat kryesisht t\u00eb profesionist\u00ebve duke u nisur nga paketa fiskale leht\u00ebsuese, por edhe n\u00eb rritjen e nd\u00ebrgjegj\u00ebsimit p\u00ebr p\u00ebrdorimin me leverdishm\u00ebri ekonomike t\u00eb pron\u00ebs n\u00eb zot\u00ebrim, si dhe vet\u00eb urbanizimi ka ndikuar n\u00eb rritjen e vler\u00ebs s\u00eb pronave, kryesisht n\u00eb zonat urbane.<\/p>\n<p>Nj\u00eb tkurrje t\u00eb popullsive rajonale v\u00ebrehet n\u00eb t\u00eb 10 rajonet, p\u00ebrve\u00e7 Tiran\u00ebs dhe Durr\u00ebsit.<\/p>\n<p>Asnj\u00eb rajon tjet\u00ebr i vendit nuk \u00ebsht\u00eb aq i begat\u00eb apo inovativ se sa Tirana, sipas treguesit t\u00eb pesh\u00ebs rajonale n\u00eb PBB-n\u00eb komb\u00ebtare. Nga ana tjet\u00ebr, sipas parashikimeve afatgjata, madh\u00ebsia e ekonomis\u00eb s\u00eb rajoneve t\u00eb tjera nuk ka gjasa t\u00eb afrohen shum\u00eb me at\u00eb t\u00eb Tiran\u00ebs.<\/p>\n<p>Burimi kryesor i penges\u00ebs p\u00ebr rritje t\u00eb m\u00ebtejshme dhe t\u00eb q\u00ebndrueshme t\u00eb rajoneve t\u00eb vendit \u00ebsht\u00eb mb\u00ebshtetja e dob\u00ebt e novacionit dhe tregut ende te pahapur p\u00ebr t\u00eb qen\u00eb pjes\u00eb p\u00ebrb\u00ebr\u00ebse e zinxhirit t\u00eb ekonomis\u00eb rajonale dhe komb\u00ebtare t\u00eb bazuar n\u00eb rregulla.<\/p>\n<p><a href=\"#_ftnref1\" name=\"_ftn1\">[1]<\/a> Dib\u00ebr, Durr\u00ebs, Kuk\u00ebs, Lezh\u00eb, Shkod\u00ebr<br \/>\n<a href=\"#_ftnref2\" name=\"_ftn2\">[2]<\/a> Elbasan, Tiran\u00eb<br \/>\n<a href=\"#_ftnref3\" name=\"_ftn3\">[3]<\/a> Berat, Fier, Gjirokast\u00ebr, Kor\u00e7\u00eb, Vlor\u00eb<br \/>\n<a href=\"#_ftnref4\" name=\"_ftn4\">[4]<\/a> <a href=\"https:\/\/www.instat.gov.al\/media\/10066\/tregu-i-punes-2021.pdf\">https:\/\/www.instat.gov.al\/media\/10066\/tregu-i-punes-2021.pdf<\/a><br \/>\n<a href=\"#_ftnref5\" name=\"_ftn5\">[5]<\/a> Berati ka nj\u00eb ulje me 60%, q\u00eb krijon perceptimin e nj\u00eb gabimi n\u00eb hedhje<\/p>\n","protected":false},"excerpt":{"rendered":"<p>Ekonomia e rajoneve \u00ebsht\u00eb e mbizot\u00ebruar nga bujq\u00ebsia, ku nivelin m\u00eb t\u00eb lart\u00eb e gjejm\u00eb n\u00eb Fier me 45.5% t\u00eb ekonomis\u00eb rajonale dhe nivelin m\u00eb t\u00eb ul\u00ebt e gjejm\u00eb n\u00eb [&hellip;]<\/p>\n","protected":false},"author":2,"featured_media":15752,"comment_status":"open","ping_status":"open","sticky":false,"template":"","format":"standard","meta":{"inline_featured_image":false,"footnotes":""},"categories":[9756],"tags":[9917,11944,11948,11942,11943,11947,10992,8232,11949,11946,11945],"class_list":["post-15750","post","type-post","status-publish","format-standard","has-post-thumbnail","hentry","category-blog","tag-altax-en-2","tag-bashkite-en","tag-bujqesi-en","tag-ekonomia-rajonale","tag-ekonomia-vendore-en","tag-familje-en","tag-matra","tag-pbb","tag-popullsi-en","tag-shpenzime-en","tag-te-ardhura-per-fryme-en"],"featured_image_src":{"landsacpe":["https:\/\/altax.al\/wp-content\/uploads\/2023\/05\/ekon.rajon-blog-760x445.jpg",760,445,true],"list":["https:\/\/altax.al\/wp-content\/uploads\/2023\/05\/ekon.rajon-blog-463x348.jpg",463,348,true],"medium":["https:\/\/altax.al\/wp-content\/uploads\/2023\/05\/ekon.rajon-blog-300x218.jpg",300,218,true],"full":["https:\/\/altax.al\/wp-content\/uploads\/2023\/05\/ekon.rajon-blog.jpg",760,552,false]},"yoast_head":"<!-- This site is optimized with the Yoast SEO plugin v26.7 - https:\/\/yoast.com\/wordpress\/plugins\/seo\/ -->\n<title>Ekonomia e rajoneve shqiptare larg perspektiv\u00ebs s\u00eb zhvillimit t\u00eb q\u00ebndruesh\u00ebm - ALTAX<\/title>\n<meta name=\"robots\" content=\"index, follow, max-snippet:-1, max-image-preview:large, max-video-preview:-1\" \/>\n<link rel=\"canonical\" href=\"https:\/\/altax.al\/en\/ekonomia-e-rajoneve-shqiptare-larg-perspektives-se-zhvillimit-te-qendrueshem\/\" \/>\n<meta property=\"og:locale\" content=\"en_US\" \/>\n<meta property=\"og:type\" content=\"article\" \/>\n<meta property=\"og:title\" content=\"Ekonomia e rajoneve shqiptare larg perspektiv\u00ebs s\u00eb zhvillimit t\u00eb q\u00ebndruesh\u00ebm - ALTAX\" \/>\n<meta property=\"og:description\" content=\"Ekonomia e rajoneve \u00ebsht\u00eb e mbizot\u00ebruar nga bujq\u00ebsia, ku nivelin m\u00eb t\u00eb lart\u00eb e gjejm\u00eb n\u00eb Fier me 45.5% t\u00eb ekonomis\u00eb rajonale dhe nivelin m\u00eb t\u00eb ul\u00ebt e gjejm\u00eb n\u00eb [&hellip;]\" \/>\n<meta property=\"og:url\" content=\"https:\/\/altax.al\/en\/ekonomia-e-rajoneve-shqiptare-larg-perspektives-se-zhvillimit-te-qendrueshem\/\" \/>\n<meta property=\"og:site_name\" content=\"ALTAX\" \/>\n<meta property=\"article:publisher\" content=\"https:\/\/www.facebook.com\/Fiskalisti\/\" \/>\n<meta property=\"article:published_time\" content=\"2023-05-26T06:18:53+00:00\" \/>\n<meta property=\"article:modified_time\" content=\"2023-05-26T06:20:52+00:00\" \/>\n<meta property=\"og:image\" content=\"https:\/\/altax.al\/wp-content\/uploads\/2023\/05\/ekon.rajon-blog.jpg\" \/>\n\t<meta property=\"og:image:width\" content=\"760\" \/>\n\t<meta property=\"og:image:height\" content=\"552\" \/>\n\t<meta property=\"og:image:type\" content=\"image\/jpeg\" \/>\n<meta name=\"author\" content=\"ALTax\" \/>\n<meta name=\"twitter:card\" content=\"summary_large_image\" \/>\n<meta name=\"twitter:label1\" content=\"Written by\" \/>\n\t<meta name=\"twitter:data1\" content=\"ALTax\" \/>\n\t<meta name=\"twitter:label2\" content=\"Est. reading time\" \/>\n\t<meta name=\"twitter:data2\" content=\"8 minutes\" \/>\n<script type=\"application\/ld+json\" class=\"yoast-schema-graph\">{\"@context\":\"https:\/\/schema.org\",\"@graph\":[{\"@type\":\"Article\",\"@id\":\"https:\/\/altax.al\/en\/ekonomia-e-rajoneve-shqiptare-larg-perspektives-se-zhvillimit-te-qendrueshem\/#article\",\"isPartOf\":{\"@id\":\"https:\/\/altax.al\/en\/ekonomia-e-rajoneve-shqiptare-larg-perspektives-se-zhvillimit-te-qendrueshem\/\"},\"author\":{\"name\":\"ALTax\",\"@id\":\"https:\/\/altax.al\/#\/schema\/person\/1d3de87f09d64bc62d8810cf6909936a\"},\"headline\":\"Ekonomia e rajoneve shqiptare larg perspektiv\u00ebs s\u00eb zhvillimit t\u00eb q\u00ebndruesh\u00ebm\",\"datePublished\":\"2023-05-26T06:18:53+00:00\",\"dateModified\":\"2023-05-26T06:20:52+00:00\",\"mainEntityOfPage\":{\"@id\":\"https:\/\/altax.al\/en\/ekonomia-e-rajoneve-shqiptare-larg-perspektives-se-zhvillimit-te-qendrueshem\/\"},\"wordCount\":1619,\"commentCount\":0,\"publisher\":{\"@id\":\"https:\/\/altax.al\/#organization\"},\"image\":{\"@id\":\"https:\/\/altax.al\/en\/ekonomia-e-rajoneve-shqiptare-larg-perspektives-se-zhvillimit-te-qendrueshem\/#primaryimage\"},\"thumbnailUrl\":\"https:\/\/altax.al\/wp-content\/uploads\/2023\/05\/ekon.rajon-blog.jpg\",\"keywords\":[\"altax\",\"bashkite\",\"bujqesi\",\"ekonomia rajonale\",\"ekonomia vendore\",\"familje\",\"matra\",\"PBB\",\"popullsi\",\"shpenzime\",\"te ardhura per fryme\"],\"articleSection\":[\"Blog\"],\"inLanguage\":\"en-US\",\"potentialAction\":[{\"@type\":\"CommentAction\",\"name\":\"Comment\",\"target\":[\"https:\/\/altax.al\/en\/ekonomia-e-rajoneve-shqiptare-larg-perspektives-se-zhvillimit-te-qendrueshem\/#respond\"]}]},{\"@type\":\"WebPage\",\"@id\":\"https:\/\/altax.al\/en\/ekonomia-e-rajoneve-shqiptare-larg-perspektives-se-zhvillimit-te-qendrueshem\/\",\"url\":\"https:\/\/altax.al\/en\/ekonomia-e-rajoneve-shqiptare-larg-perspektives-se-zhvillimit-te-qendrueshem\/\",\"name\":\"Ekonomia e rajoneve shqiptare larg perspektiv\u00ebs s\u00eb zhvillimit t\u00eb q\u00ebndruesh\u00ebm - ALTAX\",\"isPartOf\":{\"@id\":\"https:\/\/altax.al\/#website\"},\"primaryImageOfPage\":{\"@id\":\"https:\/\/altax.al\/en\/ekonomia-e-rajoneve-shqiptare-larg-perspektives-se-zhvillimit-te-qendrueshem\/#primaryimage\"},\"image\":{\"@id\":\"https:\/\/altax.al\/en\/ekonomia-e-rajoneve-shqiptare-larg-perspektives-se-zhvillimit-te-qendrueshem\/#primaryimage\"},\"thumbnailUrl\":\"https:\/\/altax.al\/wp-content\/uploads\/2023\/05\/ekon.rajon-blog.jpg\",\"datePublished\":\"2023-05-26T06:18:53+00:00\",\"dateModified\":\"2023-05-26T06:20:52+00:00\",\"breadcrumb\":{\"@id\":\"https:\/\/altax.al\/en\/ekonomia-e-rajoneve-shqiptare-larg-perspektives-se-zhvillimit-te-qendrueshem\/#breadcrumb\"},\"inLanguage\":\"en-US\",\"potentialAction\":[{\"@type\":\"ReadAction\",\"target\":[\"https:\/\/altax.al\/en\/ekonomia-e-rajoneve-shqiptare-larg-perspektives-se-zhvillimit-te-qendrueshem\/\"]}]},{\"@type\":\"ImageObject\",\"inLanguage\":\"en-US\",\"@id\":\"https:\/\/altax.al\/en\/ekonomia-e-rajoneve-shqiptare-larg-perspektives-se-zhvillimit-te-qendrueshem\/#primaryimage\",\"url\":\"https:\/\/altax.al\/wp-content\/uploads\/2023\/05\/ekon.rajon-blog.jpg\",\"contentUrl\":\"https:\/\/altax.al\/wp-content\/uploads\/2023\/05\/ekon.rajon-blog.jpg\",\"width\":760,\"height\":552},{\"@type\":\"BreadcrumbList\",\"@id\":\"https:\/\/altax.al\/en\/ekonomia-e-rajoneve-shqiptare-larg-perspektives-se-zhvillimit-te-qendrueshem\/#breadcrumb\",\"itemListElement\":[{\"@type\":\"ListItem\",\"position\":1,\"name\":\"Home\",\"item\":\"https:\/\/altax.al\/en\/\"},{\"@type\":\"ListItem\",\"position\":2,\"name\":\"Ekonomia e rajoneve shqiptare larg perspektiv\u00ebs s\u00eb zhvillimit t\u00eb q\u00ebndruesh\u00ebm\"}]},{\"@type\":\"WebSite\",\"@id\":\"https:\/\/altax.al\/#website\",\"url\":\"https:\/\/altax.al\/\",\"name\":\"ALTAX\",\"description\":\"\",\"publisher\":{\"@id\":\"https:\/\/altax.al\/#organization\"},\"potentialAction\":[{\"@type\":\"SearchAction\",\"target\":{\"@type\":\"EntryPoint\",\"urlTemplate\":\"https:\/\/altax.al\/?s={search_term_string}\"},\"query-input\":{\"@type\":\"PropertyValueSpecification\",\"valueRequired\":true,\"valueName\":\"search_term_string\"}}],\"inLanguage\":\"en-US\"},{\"@type\":\"Organization\",\"@id\":\"https:\/\/altax.al\/#organization\",\"name\":\"ALTAX\",\"url\":\"https:\/\/altax.al\/\",\"logo\":{\"@type\":\"ImageObject\",\"inLanguage\":\"en-US\",\"@id\":\"https:\/\/altax.al\/#\/schema\/logo\/image\/\",\"url\":\"https:\/\/altax.al\/wp-content\/uploads\/2021\/11\/LOGO-ALTAX.svg\",\"contentUrl\":\"https:\/\/altax.al\/wp-content\/uploads\/2021\/11\/LOGO-ALTAX.svg\",\"width\":\"1024\",\"height\":\"1024\",\"caption\":\"ALTAX\"},\"image\":{\"@id\":\"https:\/\/altax.al\/#\/schema\/logo\/image\/\"},\"sameAs\":[\"https:\/\/www.facebook.com\/Fiskalisti\/\",\"https:\/\/www.instagram.com\/altaxstudio\/\",\"https:\/\/www.linkedin.com\/in\/altax\/\"]},{\"@type\":\"Person\",\"@id\":\"https:\/\/altax.al\/#\/schema\/person\/1d3de87f09d64bc62d8810cf6909936a\",\"name\":\"ALTax\",\"image\":{\"@type\":\"ImageObject\",\"inLanguage\":\"en-US\",\"@id\":\"https:\/\/altax.al\/#\/schema\/person\/image\/\",\"url\":\"https:\/\/secure.gravatar.com\/avatar\/7120db1f6e95ed798e760d7a2c8dfa62ae8ae45544693449ddc879a77dd23c47?s=96&d=mm&r=g\",\"contentUrl\":\"https:\/\/secure.gravatar.com\/avatar\/7120db1f6e95ed798e760d7a2c8dfa62ae8ae45544693449ddc879a77dd23c47?s=96&d=mm&r=g\",\"caption\":\"ALTax\"},\"sameAs\":[\"https:\/\/www.altax.al\"],\"url\":\"https:\/\/altax.al\/en\/author\/altax\/\"}]}<\/script>\n<!-- \/ Yoast SEO plugin. -->","yoast_head_json":{"title":"Ekonomia e rajoneve shqiptare larg perspektiv\u00ebs s\u00eb zhvillimit t\u00eb q\u00ebndruesh\u00ebm - ALTAX","robots":{"index":"index","follow":"follow","max-snippet":"max-snippet:-1","max-image-preview":"max-image-preview:large","max-video-preview":"max-video-preview:-1"},"canonical":"https:\/\/altax.al\/en\/ekonomia-e-rajoneve-shqiptare-larg-perspektives-se-zhvillimit-te-qendrueshem\/","og_locale":"en_US","og_type":"article","og_title":"Ekonomia e rajoneve shqiptare larg perspektiv\u00ebs s\u00eb zhvillimit t\u00eb q\u00ebndruesh\u00ebm - ALTAX","og_description":"Ekonomia e rajoneve \u00ebsht\u00eb e mbizot\u00ebruar nga bujq\u00ebsia, ku nivelin m\u00eb t\u00eb lart\u00eb e gjejm\u00eb n\u00eb Fier me 45.5% t\u00eb ekonomis\u00eb rajonale dhe nivelin m\u00eb t\u00eb ul\u00ebt e gjejm\u00eb n\u00eb [&hellip;]","og_url":"https:\/\/altax.al\/en\/ekonomia-e-rajoneve-shqiptare-larg-perspektives-se-zhvillimit-te-qendrueshem\/","og_site_name":"ALTAX","article_publisher":"https:\/\/www.facebook.com\/Fiskalisti\/","article_published_time":"2023-05-26T06:18:53+00:00","article_modified_time":"2023-05-26T06:20:52+00:00","og_image":[{"width":760,"height":552,"url":"https:\/\/altax.al\/wp-content\/uploads\/2023\/05\/ekon.rajon-blog.jpg","type":"image\/jpeg"}],"author":"ALTax","twitter_card":"summary_large_image","twitter_misc":{"Written by":"ALTax","Est. reading time":"8 minutes"},"schema":{"@context":"https:\/\/schema.org","@graph":[{"@type":"Article","@id":"https:\/\/altax.al\/en\/ekonomia-e-rajoneve-shqiptare-larg-perspektives-se-zhvillimit-te-qendrueshem\/#article","isPartOf":{"@id":"https:\/\/altax.al\/en\/ekonomia-e-rajoneve-shqiptare-larg-perspektives-se-zhvillimit-te-qendrueshem\/"},"author":{"name":"ALTax","@id":"https:\/\/altax.al\/#\/schema\/person\/1d3de87f09d64bc62d8810cf6909936a"},"headline":"Ekonomia e rajoneve shqiptare larg perspektiv\u00ebs s\u00eb zhvillimit t\u00eb q\u00ebndruesh\u00ebm","datePublished":"2023-05-26T06:18:53+00:00","dateModified":"2023-05-26T06:20:52+00:00","mainEntityOfPage":{"@id":"https:\/\/altax.al\/en\/ekonomia-e-rajoneve-shqiptare-larg-perspektives-se-zhvillimit-te-qendrueshem\/"},"wordCount":1619,"commentCount":0,"publisher":{"@id":"https:\/\/altax.al\/#organization"},"image":{"@id":"https:\/\/altax.al\/en\/ekonomia-e-rajoneve-shqiptare-larg-perspektives-se-zhvillimit-te-qendrueshem\/#primaryimage"},"thumbnailUrl":"https:\/\/altax.al\/wp-content\/uploads\/2023\/05\/ekon.rajon-blog.jpg","keywords":["altax","bashkite","bujqesi","ekonomia rajonale","ekonomia vendore","familje","matra","PBB","popullsi","shpenzime","te ardhura per fryme"],"articleSection":["Blog"],"inLanguage":"en-US","potentialAction":[{"@type":"CommentAction","name":"Comment","target":["https:\/\/altax.al\/en\/ekonomia-e-rajoneve-shqiptare-larg-perspektives-se-zhvillimit-te-qendrueshem\/#respond"]}]},{"@type":"WebPage","@id":"https:\/\/altax.al\/en\/ekonomia-e-rajoneve-shqiptare-larg-perspektives-se-zhvillimit-te-qendrueshem\/","url":"https:\/\/altax.al\/en\/ekonomia-e-rajoneve-shqiptare-larg-perspektives-se-zhvillimit-te-qendrueshem\/","name":"Ekonomia e rajoneve shqiptare larg perspektiv\u00ebs s\u00eb zhvillimit t\u00eb q\u00ebndruesh\u00ebm - ALTAX","isPartOf":{"@id":"https:\/\/altax.al\/#website"},"primaryImageOfPage":{"@id":"https:\/\/altax.al\/en\/ekonomia-e-rajoneve-shqiptare-larg-perspektives-se-zhvillimit-te-qendrueshem\/#primaryimage"},"image":{"@id":"https:\/\/altax.al\/en\/ekonomia-e-rajoneve-shqiptare-larg-perspektives-se-zhvillimit-te-qendrueshem\/#primaryimage"},"thumbnailUrl":"https:\/\/altax.al\/wp-content\/uploads\/2023\/05\/ekon.rajon-blog.jpg","datePublished":"2023-05-26T06:18:53+00:00","dateModified":"2023-05-26T06:20:52+00:00","breadcrumb":{"@id":"https:\/\/altax.al\/en\/ekonomia-e-rajoneve-shqiptare-larg-perspektives-se-zhvillimit-te-qendrueshem\/#breadcrumb"},"inLanguage":"en-US","potentialAction":[{"@type":"ReadAction","target":["https:\/\/altax.al\/en\/ekonomia-e-rajoneve-shqiptare-larg-perspektives-se-zhvillimit-te-qendrueshem\/"]}]},{"@type":"ImageObject","inLanguage":"en-US","@id":"https:\/\/altax.al\/en\/ekonomia-e-rajoneve-shqiptare-larg-perspektives-se-zhvillimit-te-qendrueshem\/#primaryimage","url":"https:\/\/altax.al\/wp-content\/uploads\/2023\/05\/ekon.rajon-blog.jpg","contentUrl":"https:\/\/altax.al\/wp-content\/uploads\/2023\/05\/ekon.rajon-blog.jpg","width":760,"height":552},{"@type":"BreadcrumbList","@id":"https:\/\/altax.al\/en\/ekonomia-e-rajoneve-shqiptare-larg-perspektives-se-zhvillimit-te-qendrueshem\/#breadcrumb","itemListElement":[{"@type":"ListItem","position":1,"name":"Home","item":"https:\/\/altax.al\/en\/"},{"@type":"ListItem","position":2,"name":"Ekonomia e rajoneve shqiptare larg perspektiv\u00ebs s\u00eb zhvillimit t\u00eb q\u00ebndruesh\u00ebm"}]},{"@type":"WebSite","@id":"https:\/\/altax.al\/#website","url":"https:\/\/altax.al\/","name":"ALTAX","description":"","publisher":{"@id":"https:\/\/altax.al\/#organization"},"potentialAction":[{"@type":"SearchAction","target":{"@type":"EntryPoint","urlTemplate":"https:\/\/altax.al\/?s={search_term_string}"},"query-input":{"@type":"PropertyValueSpecification","valueRequired":true,"valueName":"search_term_string"}}],"inLanguage":"en-US"},{"@type":"Organization","@id":"https:\/\/altax.al\/#organization","name":"ALTAX","url":"https:\/\/altax.al\/","logo":{"@type":"ImageObject","inLanguage":"en-US","@id":"https:\/\/altax.al\/#\/schema\/logo\/image\/","url":"https:\/\/altax.al\/wp-content\/uploads\/2021\/11\/LOGO-ALTAX.svg","contentUrl":"https:\/\/altax.al\/wp-content\/uploads\/2021\/11\/LOGO-ALTAX.svg","width":"1024","height":"1024","caption":"ALTAX"},"image":{"@id":"https:\/\/altax.al\/#\/schema\/logo\/image\/"},"sameAs":["https:\/\/www.facebook.com\/Fiskalisti\/","https:\/\/www.instagram.com\/altaxstudio\/","https:\/\/www.linkedin.com\/in\/altax\/"]},{"@type":"Person","@id":"https:\/\/altax.al\/#\/schema\/person\/1d3de87f09d64bc62d8810cf6909936a","name":"ALTax","image":{"@type":"ImageObject","inLanguage":"en-US","@id":"https:\/\/altax.al\/#\/schema\/person\/image\/","url":"https:\/\/secure.gravatar.com\/avatar\/7120db1f6e95ed798e760d7a2c8dfa62ae8ae45544693449ddc879a77dd23c47?s=96&d=mm&r=g","contentUrl":"https:\/\/secure.gravatar.com\/avatar\/7120db1f6e95ed798e760d7a2c8dfa62ae8ae45544693449ddc879a77dd23c47?s=96&d=mm&r=g","caption":"ALTax"},"sameAs":["https:\/\/www.altax.al"],"url":"https:\/\/altax.al\/en\/author\/altax\/"}]}},"_links":{"self":[{"href":"https:\/\/altax.al\/en\/wp-json\/wp\/v2\/posts\/15750","targetHints":{"allow":["GET"]}}],"collection":[{"href":"https:\/\/altax.al\/en\/wp-json\/wp\/v2\/posts"}],"about":[{"href":"https:\/\/altax.al\/en\/wp-json\/wp\/v2\/types\/post"}],"author":[{"embeddable":true,"href":"https:\/\/altax.al\/en\/wp-json\/wp\/v2\/users\/2"}],"replies":[{"embeddable":true,"href":"https:\/\/altax.al\/en\/wp-json\/wp\/v2\/comments?post=15750"}],"version-history":[{"count":0,"href":"https:\/\/altax.al\/en\/wp-json\/wp\/v2\/posts\/15750\/revisions"}],"wp:featuredmedia":[{"embeddable":true,"href":"https:\/\/altax.al\/en\/wp-json\/wp\/v2\/media\/15752"}],"wp:attachment":[{"href":"https:\/\/altax.al\/en\/wp-json\/wp\/v2\/media?parent=15750"}],"wp:term":[{"taxonomy":"category","embeddable":true,"href":"https:\/\/altax.al\/en\/wp-json\/wp\/v2\/categories?post=15750"},{"taxonomy":"post_tag","embeddable":true,"href":"https:\/\/altax.al\/en\/wp-json\/wp\/v2\/tags?post=15750"}],"curies":[{"name":"wp","href":"https:\/\/api.w.org\/{rel}","templated":true}]}}